{"id":734,"date":"2014-08-03T21:09:17","date_gmt":"2014-08-03T21:09:17","guid":{"rendered":"http:\/\/wir-sind-zeltlager.de\/?p=734"},"modified":"2014-08-03T21:09:17","modified_gmt":"2014-08-03T21:09:17","slug":"auf-gehts","status":"publish","type":"post","link":"https:\/\/wir-sind-zeltlager.de\/?p=734","title":{"rendered":"Auf geht&#8217;s"},"content":{"rendered":"<p>Morgen brechen die Leiter zum Aufbauen der Zelte und zum Einrichten des Zeltplatzes auf, damit am Dienstag alles zum Beziehen fertig ist. W\u00e4hrend des Lager freuen sich sowohl die Kinder als auch die Leiter und Kochfrauen \u00fcber Post von Zuhause. F\u00fcr Alle, die uns schreiben m\u00f6chten, ist hier die Adresse unter der man uns bis zum 15.08. erreichen kann:<\/p>\n<p><em>Name des Empf\u00e4ngers (Kind\/Leiter\/Kochfrau)<\/em><br \/>\nFerienlager P\u00f6mbsen<br \/>\nSch\u00fctzenhalle Referinghausen<br \/>\nAuf der Polter 26<br \/>\n59964 Medebach<\/p>\n","protected":false},"excerpt":{"rendered":"<p>Morgen brechen die Leiter zum Aufbauen der Zelte und zum Einrichten des Zeltplatzes auf, damit am Dienstag alles zum Beziehen fertig ist. W\u00e4hrend des Lager freuen sich sowohl die Kinder als auch die Leiter und Kochfrauen \u00fcber Post von Zuhause. F\u00fcr Alle, die uns schreiben m\u00f6chten, ist hier die Adresse unter der man uns bis zum 15.08. erreichen kann: Name des Empf\u00e4ngers (Kind\/Leiter\/Kochfrau) Ferienlager P\u00f6mbsen Sch\u00fctzenhalle Referinghausen Auf der Polter 26 59964 Medebach<\/p>\n","protected":false},"author":2,"featured_media":0,"comment_status":"open","ping_status":"closed","sticky":false,"template":"","format":"standard","meta":{"footnotes":""},"categories":[3],"tags":[],"class_list":["post-734","post","type-post","status-publish","format-standard","hentry","category-ankuendigung"],"_links":{"self":[{"href":"https:\/\/wir-sind-zeltlager.de\/index.php?rest_route=\/wp\/v2\/posts\/734","targetHints":{"allow":["GET"]}}],"collection":[{"href":"https:\/\/wir-sind-zeltlager.de\/index.php?rest_route=\/wp\/v2\/posts"}],"about":[{"href":"https:\/\/wir-sind-zeltlager.de\/index.php?rest_route=\/wp\/v2\/types\/post"}],"author":[{"embeddable":true,"href":"https:\/\/wir-sind-zeltlager.de\/index.php?rest_route=\/wp\/v2\/users\/2"}],"replies":[{"embeddable":true,"href":"https:\/\/wir-sind-zeltlager.de\/index.php?rest_route=%2Fwp%2Fv2%2Fcomments&post=734"}],"version-history":[{"count":1,"href":"https:\/\/wir-sind-zeltlager.de\/index.php?rest_route=\/wp\/v2\/posts\/734\/revisions"}],"predecessor-version":[{"id":735,"href":"https:\/\/wir-sind-zeltlager.de\/index.php?rest_route=\/wp\/v2\/posts\/734\/revisions\/735"}],"wp:attachment":[{"href":"https:\/\/wir-sind-zeltlager.de\/index.php?rest_route=%2Fwp%2Fv2%2Fmedia&parent=734"}],"wp:term":[{"taxonomy":"category","embeddable":true,"href":"https:\/\/wir-sind-zeltlager.de\/index.php?rest_route=%2Fwp%2Fv2%2Fcategories&post=734"},{"taxonomy":"post_tag","embeddable":true,"href":"https:\/\/wir-sind-zeltlager.de\/index.php?rest_route=%2Fwp%2Fv2%2Ftags&post=734"}],"curies":[{"name":"wp","href":"https:\/\/api.w.org\/{rel}","templated":true}]}}