{"id":464,"date":"2013-10-20T18:17:30","date_gmt":"2013-10-20T18:17:30","guid":{"rendered":"http:\/\/wir-sind-zeltlager.de\/?p=464"},"modified":"2014-03-03T10:17:11","modified_gmt":"2014-03-03T10:17:11","slug":"vor-einer-woche","status":"publish","type":"post","link":"https:\/\/wir-sind-zeltlager.de\/?p=464","title":{"rendered":"Vor einer Woche&#8230;"},"content":{"rendered":"<p>&#8230; waren wir gemeinsam auf unserer Fotosafari in der Steppe von Braunshausen unterwegs&#8230;<\/p>\n<p style=\"text-align: center;\"><a href=\"https:\/\/wir-sind-zeltlager.de\/wp-content\/uploads\/2013\/10\/Fotonachmittag_1.png\"><img loading=\"lazy\" decoding=\"async\" class=\"aligncenter  wp-image-465\" alt=\"Fotonachmittag_1\" src=\"https:\/\/wir-sind-zeltlager.de\/wp-content\/uploads\/2013\/10\/Fotonachmittag_1-1024x580.png\" width=\"614\" height=\"348\" srcset=\"https:\/\/wir-sind-zeltlager.de\/wp-content\/uploads\/2013\/10\/Fotonachmittag_1-1024x580.png 1024w, https:\/\/wir-sind-zeltlager.de\/wp-content\/uploads\/2013\/10\/Fotonachmittag_1-300x170.png 300w, https:\/\/wir-sind-zeltlager.de\/wp-content\/uploads\/2013\/10\/Fotonachmittag_1.png 1188w\" sizes=\"auto, (max-width: 614px) 100vw, 614px\" \/><\/a><\/p>\n<p>Umgeben von L\u00f6wen, Tigern, Zebras (und sogar einem Oscar) haben wir einen Nachmittag<br \/>\nvoll Sommer, Sonne und S\u00fc\u00dfem verbracht.<br \/>\nWir freuen uns schon tierisch auf das n\u00e4chste Jahr &#8211; die ersten Anmeldungen haben wir<br \/>\nschon erhalten. Falls ihr es auch kaum erwarten k\u00f6nnt, dann haltet mal Augen und Ohren<br \/>\noffen &#8211; vielleicht sehen wir uns dann bei einer Runde Capture the Bauklotz in heimischen<br \/>\nW\u00e4ldern.<br \/>\nUnd wer von Euch immer noch einen Ohrwurm unsres Lagerliedes hat &#8211; dem sei<br \/>\nversprochen: Bald gibt es mehr davon!<br \/>\n&#8222;In Braunshausen, im wilden Lager, da geht es tierisch zu&#8230;&#8220;<\/p>\n","protected":false},"excerpt":{"rendered":"<p>&#8230; waren wir gemeinsam auf unserer Fotosafari in der Steppe von Braunshausen unterwegs&#8230; Umgeben von L\u00f6wen, Tigern, Zebras (und sogar einem Oscar) haben wir einen Nachmittag voll Sommer, Sonne und S\u00fc\u00dfem verbracht. Wir freuen uns schon tierisch auf das n\u00e4chste Jahr &#8211; die ersten Anmeldungen haben wir schon erhalten. Falls ihr es auch kaum erwarten k\u00f6nnt, dann haltet mal Augen und Ohren offen &#8211; vielleicht sehen wir uns dann bei einer Runde Capture the Bauklotz in heimischen W\u00e4ldern. Und wer von Euch immer noch einen Ohrwurm unsres Lagerliedes hat &#8211; dem sei versprochen: Bald gibt es mehr davon! &#8222;In Braunshausen, im wilden Lager, da geht es tierisch zu&#8230;&#8220;<\/p>\n","protected":false},"author":4,"featured_media":0,"comment_status":"open","ping_status":"closed","sticky":false,"template":"","format":"standard","meta":{"footnotes":""},"categories":[7],"tags":[],"class_list":["post-464","post","type-post","status-publish","format-standard","hentry","category-allgemeines"],"_links":{"self":[{"href":"https:\/\/wir-sind-zeltlager.de\/index.php?rest_route=\/wp\/v2\/posts\/464","targetHints":{"allow":["GET"]}}],"collection":[{"href":"https:\/\/wir-sind-zeltlager.de\/index.php?rest_route=\/wp\/v2\/posts"}],"about":[{"href":"https:\/\/wir-sind-zeltlager.de\/index.php?rest_route=\/wp\/v2\/types\/post"}],"author":[{"embeddable":true,"href":"https:\/\/wir-sind-zeltlager.de\/index.php?rest_route=\/wp\/v2\/users\/4"}],"replies":[{"embeddable":true,"href":"https:\/\/wir-sind-zeltlager.de\/index.php?rest_route=%2Fwp%2Fv2%2Fcomments&post=464"}],"version-history":[{"count":1,"href":"https:\/\/wir-sind-zeltlager.de\/index.php?rest_route=\/wp\/v2\/posts\/464\/revisions"}],"predecessor-version":[{"id":466,"href":"https:\/\/wir-sind-zeltlager.de\/index.php?rest_route=\/wp\/v2\/posts\/464\/revisions\/466"}],"wp:attachment":[{"href":"https:\/\/wir-sind-zeltlager.de\/index.php?rest_route=%2Fwp%2Fv2%2Fmedia&parent=464"}],"wp:term":[{"taxonomy":"category","embeddable":true,"href":"https:\/\/wir-sind-zeltlager.de\/index.php?rest_route=%2Fwp%2Fv2%2Fcategories&post=464"},{"taxonomy":"post_tag","embeddable":true,"href":"https:\/\/wir-sind-zeltlager.de\/index.php?rest_route=%2Fwp%2Fv2%2Ftags&post=464"}],"curies":[{"name":"wp","href":"https:\/\/api.w.org\/{rel}","templated":true}]}}