{"id":395,"date":"2013-08-04T16:48:42","date_gmt":"2013-08-04T16:48:42","guid":{"rendered":"http:\/\/wir-sind-zeltlager.de\/?p=395"},"modified":"2013-08-04T16:51:10","modified_gmt":"2013-08-04T16:51:10","slug":"sachen-packen","status":"publish","type":"post","link":"https:\/\/wir-sind-zeltlager.de\/?p=395","title":{"rendered":"Sachen packen"},"content":{"rendered":"<p>Die Anh\u00e4nger sind schon voll beladen, denn morgen geht es &#8211; zumindest f\u00fcr die Leiter &#8211; schon los. Erst einmal ist Aufbauen angesagt, bis dann am Dienstag die Teilnehmer ankommen. W\u00e4hrend des Lager freuen sich \u00fcbrigens sowohl die Kinder als auch die Leiter und Kochfrauen \u00fcber Post von Zuhause. F\u00fcr Alle, die uns schreiben m\u00f6chten, ist hier die Adresse unter der man uns bis zum 16.08. erreichen kann:<\/p>\n<p><em>Name des Empf\u00e4ngers (Kind\/Leiter\/Kochfrau)<\/em><br \/>\nFerienlager P\u00f6mbsen<br \/>\nSch\u00fctzenhalle Braunshausen<br \/>\nEderstra\u00dfe 4<br \/>\n59969 Hallenberg<\/p>\n","protected":false},"excerpt":{"rendered":"<p>Die Anh\u00e4nger sind schon voll beladen, denn morgen geht es &#8211; zumindest f\u00fcr die Leiter &#8211; schon los. Erst einmal ist Aufbauen angesagt, bis dann am Dienstag die Teilnehmer ankommen. W\u00e4hrend des Lager freuen sich \u00fcbrigens sowohl die Kinder als auch die Leiter und Kochfrauen \u00fcber Post von Zuhause. F\u00fcr Alle, die uns schreiben m\u00f6chten, ist hier die Adresse unter der man uns bis zum 16.08. erreichen kann: Name des Empf\u00e4ngers (Kind\/Leiter\/Kochfrau) Ferienlager P\u00f6mbsen Sch\u00fctzenhalle Braunshausen Ederstra\u00dfe 4 59969 Hallenberg<\/p>\n","protected":false},"author":2,"featured_media":0,"comment_status":"open","ping_status":"closed","sticky":false,"template":"","format":"standard","meta":{"footnotes":""},"categories":[3],"tags":[],"class_list":["post-395","post","type-post","status-publish","format-standard","hentry","category-ankuendigung"],"_links":{"self":[{"href":"https:\/\/wir-sind-zeltlager.de\/index.php?rest_route=\/wp\/v2\/posts\/395","targetHints":{"allow":["GET"]}}],"collection":[{"href":"https:\/\/wir-sind-zeltlager.de\/index.php?rest_route=\/wp\/v2\/posts"}],"about":[{"href":"https:\/\/wir-sind-zeltlager.de\/index.php?rest_route=\/wp\/v2\/types\/post"}],"author":[{"embeddable":true,"href":"https:\/\/wir-sind-zeltlager.de\/index.php?rest_route=\/wp\/v2\/users\/2"}],"replies":[{"embeddable":true,"href":"https:\/\/wir-sind-zeltlager.de\/index.php?rest_route=%2Fwp%2Fv2%2Fcomments&post=395"}],"version-history":[{"count":3,"href":"https:\/\/wir-sind-zeltlager.de\/index.php?rest_route=\/wp\/v2\/posts\/395\/revisions"}],"predecessor-version":[{"id":397,"href":"https:\/\/wir-sind-zeltlager.de\/index.php?rest_route=\/wp\/v2\/posts\/395\/revisions\/397"}],"wp:attachment":[{"href":"https:\/\/wir-sind-zeltlager.de\/index.php?rest_route=%2Fwp%2Fv2%2Fmedia&parent=395"}],"wp:term":[{"taxonomy":"category","embeddable":true,"href":"https:\/\/wir-sind-zeltlager.de\/index.php?rest_route=%2Fwp%2Fv2%2Fcategories&post=395"},{"taxonomy":"post_tag","embeddable":true,"href":"https:\/\/wir-sind-zeltlager.de\/index.php?rest_route=%2Fwp%2Fv2%2Ftags&post=395"}],"curies":[{"name":"wp","href":"https:\/\/api.w.org\/{rel}","templated":true}]}}