{"id":1575,"date":"2023-10-15T22:24:07","date_gmt":"2023-10-15T20:24:07","guid":{"rendered":"https:\/\/wir-sind-zeltlager.de\/?p=1575"},"modified":"2023-10-18T20:25:36","modified_gmt":"2023-10-18T18:25:36","slug":"zeltlager-2024","status":"publish","type":"post","link":"https:\/\/wir-sind-zeltlager.de\/?p=1575","title":{"rendered":"Zeltlager 2024"},"content":{"rendered":"\n<p>&#8222;Nachts ist Krach, in Meinkenbracht&#8220; hie\u00df es <a href=\"https:\/\/wir-sind-zeltlager.de\/?page_id=135\" data-type=\"page\" data-id=\"135\">2005<\/a> in Refrain unseres ersten Zeltlagerlieds. Grund f\u00fcr diese Zeilen war eine Party in der N\u00e4he des Platzes in der ersten Nacht in den Zelten. Ob die Einwohner immer noch ein Feierlaune sind werden wir n\u00e4chstes Jahr wohl herausfinden, denn nach 19 Jahren geht es wieder in den kleinen Ort in der N\u00e4he von Sundern im Sauerland. Abfahrt wird am 03. August sein, am 13. August geht es wieder nach Hause. Die Unterlagen f\u00fcr die Anmeldung werden in den n\u00e4chsten Wochen an dieser Stelle zur Verf\u00fcgung gestellt. Wir freuen uns \u00fcber Alle, die mitfahren wollen, ob als Teilnehmer:in, als Leiter:in oder im K\u00fcchenteam. <\/p>\n\n\n\n<p>Update: Das <a href=\"https:\/\/wir-sind-zeltlager.de\/wp-content\/uploads\/2023\/10\/Anmeldung2024.pdf\">Anmeldeformular<\/a> f\u00fcr das Zeltlager 2024 findet ihr im <a href=\"https:\/\/wir-sind-zeltlager.de\/?page_id=147\" data-type=\"page\" data-id=\"147\">Download-Bereich<\/a><\/p>\n","protected":false},"excerpt":{"rendered":"<p>&#8222;Nachts ist Krach, in Meinkenbracht&#8220; hie\u00df es 2005 in Refrain unseres ersten Zeltlagerlieds. Grund f\u00fcr diese Zeilen war eine Party in der N\u00e4he des Platzes in der ersten Nacht in den Zelten. Ob die Einwohner immer noch ein Feierlaune sind werden wir n\u00e4chstes Jahr wohl herausfinden, denn nach 19 Jahren geht es wieder in den kleinen Ort in der N\u00e4he von Sundern im Sauerland. Abfahrt wird am 03. August sein, am 13. August geht es wieder nach Hause. Die Unterlagen f\u00fcr die Anmeldung werden in den n\u00e4chsten Wochen an dieser Stelle zur Verf\u00fcgung gestellt. Wir freuen uns \u00fcber Alle, die mitfahren wollen, ob als Teilnehmer:in, als Leiter:in oder im K\u00fcchenteam. Update: Das Anmeldeformular f\u00fcr das Zeltlager 2024 findet ihr im Download-Bereich<\/p>\n","protected":false},"author":2,"featured_media":0,"comment_status":"open","ping_status":"closed","sticky":false,"template":"","format":"standard","meta":{"footnotes":""},"categories":[3],"tags":[],"class_list":["post-1575","post","type-post","status-publish","format-standard","hentry","category-ankuendigung"],"_links":{"self":[{"href":"https:\/\/wir-sind-zeltlager.de\/index.php?rest_route=\/wp\/v2\/posts\/1575","targetHints":{"allow":["GET"]}}],"collection":[{"href":"https:\/\/wir-sind-zeltlager.de\/index.php?rest_route=\/wp\/v2\/posts"}],"about":[{"href":"https:\/\/wir-sind-zeltlager.de\/index.php?rest_route=\/wp\/v2\/types\/post"}],"author":[{"embeddable":true,"href":"https:\/\/wir-sind-zeltlager.de\/index.php?rest_route=\/wp\/v2\/users\/2"}],"replies":[{"embeddable":true,"href":"https:\/\/wir-sind-zeltlager.de\/index.php?rest_route=%2Fwp%2Fv2%2Fcomments&post=1575"}],"version-history":[{"count":4,"href":"https:\/\/wir-sind-zeltlager.de\/index.php?rest_route=\/wp\/v2\/posts\/1575\/revisions"}],"predecessor-version":[{"id":1586,"href":"https:\/\/wir-sind-zeltlager.de\/index.php?rest_route=\/wp\/v2\/posts\/1575\/revisions\/1586"}],"wp:attachment":[{"href":"https:\/\/wir-sind-zeltlager.de\/index.php?rest_route=%2Fwp%2Fv2%2Fmedia&parent=1575"}],"wp:term":[{"taxonomy":"category","embeddable":true,"href":"https:\/\/wir-sind-zeltlager.de\/index.php?rest_route=%2Fwp%2Fv2%2Fcategories&post=1575"},{"taxonomy":"post_tag","embeddable":true,"href":"https:\/\/wir-sind-zeltlager.de\/index.php?rest_route=%2Fwp%2Fv2%2Ftags&post=1575"}],"curies":[{"name":"wp","href":"https:\/\/api.w.org\/{rel}","templated":true}]}}